{"id":88,"date":"2023-03-23T08:56:46","date_gmt":"2023-03-23T08:56:46","guid":{"rendered":"https:\/\/www.veratech.es\/?p=88"},"modified":"2024-01-02T14:10:29","modified_gmt":"2024-01-02T14:10:29","slug":"veratech-for-health-cumple-10-anos-y-esta-acreditada-por-ehden","status":"publish","type":"post","link":"http:\/\/veratech.es\/en\/2023\/03\/23\/veratech-for-health-cumple-10-anos-y-esta-acreditada-por-ehden\/","title":{"rendered":"Veratech for Health cumple 10 a\u00f1os y est\u00e1 acreditada por EHDEN"},"content":{"rendered":"<p>Veratech for Health cumple su d\u00e9cimo aniversario como consultora experta en interoperabilidad sem\u00e1ntica y es ahora una de las pymes de Europa que ha recibido la certificaci\u00f3n OMOP Common Data Model de la red <a rel=\"noreferrer noopener\" href=\"https:\/\/www.ehden.eu\/\" target=\"_blank\">EHDEN<\/a>, tras semanas de amplia formaci\u00f3n.<\/p>\n\n\n\n<p>VeraTech for health SL, la spin-off de la UPV, cumple 10 a\u00f1os y se reconoce como una empresa experta en interoperabilidad sem\u00e1ntica de los datos cl\u00ednicos a nivel internacional<\/p>\n\n\n\n<p>VeraTech for Health es una empresa tecnol\u00f3gica espa\u00f1ola que proporciona formaci\u00f3n, tecnolog\u00edas, servicios de consultor\u00eda y desarrollos personalizados para dar valor a los datos sanitarios aportando soluciones en interoperabilidad sem\u00e1ntica, estandarizaci\u00f3n de informaci\u00f3n, calidad y miner\u00eda de datos.<\/p>\n\n\n\n<p>Fue creada en 2010 como spin-off del grupo de Inform\u00e1tica Biom\u00e9dica (IBIME) de la Universitat Polit\u00e8cnica de Val\u00e8ncia. El grupo promotor y plantilla de VeraTech for Health est\u00e1 formado por profesionales de inform\u00e1tica sanitaria, algunos con m\u00e1s de 20 a\u00f1os en el campo de la inform\u00e1tica m\u00e9dica. En particular, varios de sus fundadores y actuales miembros del equipo de VeraTech for Health son expertos internacionalmente reconocidos en el campo de la interoperabilidad sem\u00e1ntica de la informaci\u00f3n sanitaria, de estandarizaci\u00f3n de informaci\u00f3n y terminolog\u00eda, de la evaluaci\u00f3n de la calidad de repositorios biom\u00e9dicos y de sistemas de ayuda a la decisi\u00f3n en Medicina.<\/p>\n\n\n\n<p>La misi\u00f3n de VeraTech es contribuir a la mejora de la atenci\u00f3n sanitaria facilitando soporte, herramientas, formaci\u00f3n y nuevos desarrollos en las \u00e1reas de interoperabilidad sem\u00e1ntica, calidad de los datos sanitarios y ayuda a la decisi\u00f3n cl\u00ednica.<\/p>\n\n\n\n<p>VeraTech ha aplicado con \u00e9xito sus herramientas y experiencias en hospitales p\u00fablicos y privados, compa\u00f1\u00edas de TI de salud y autoridades de salud para mejorar la calidad y la reutilizaci\u00f3n de los datos cl\u00ednicos existentes.<\/p>","protected":false},"excerpt":{"rendered":"<p>Veratech for Health cumple su d\u00e9cimo aniversario como consultora experta en interoperabilidad sem\u00e1ntica y es ahora una de las pymes de Europa que ha recibido la certificaci\u00f3n OMOP Common Data Model de la red EHDEN, tras semanas de amplia formaci\u00f3n. VeraTech for health SL, la spin-off de la UPV, cumple 10 a\u00f1os y se reconoce como una empresa experta en interoperabilidad sem\u00e1ntica de los datos cl\u00ednicos a [&hellip;]<\/p>\n","protected":false},"author":1,"featured_media":89,"comment_status":"closed","ping_status":"closed","sticky":false,"template":"","format":"standard","meta":{"footnotes":""},"categories":[5],"tags":[7],"class_list":["post-88","post","type-post","status-publish","format-standard","has-post-thumbnail","hentry","category-noticias","tag-veratech"],"yoast_head":"<!-- This site is optimized with the Yoast SEO plugin v27.4 - https:\/\/yoast.com\/product\/yoast-seo-wordpress\/ -->\n<title>Veratech for Health cumple 10 a\u00f1os y est\u00e1 acreditada por EHDEN - Veratech for Health<\/title>\n<meta name=\"robots\" content=\"index, follow, max-snippet:-1, max-image-preview:large, max-video-preview:-1\" \/>\n<link rel=\"canonical\" href=\"http:\/\/veratech.es\/en\/2023\/03\/23\/veratech-for-health-cumple-10-anos-y-esta-acreditada-por-ehden\/\" \/>\n<meta property=\"og:locale\" content=\"en_GB\" \/>\n<meta property=\"og:type\" content=\"article\" \/>\n<meta property=\"og:title\" content=\"Veratech for Health cumple 10 a\u00f1os y est\u00e1 acreditada por EHDEN - Veratech for Health\" \/>\n<meta property=\"og:description\" content=\"Veratech for Health cumple su d\u00e9cimo aniversario como consultora experta en interoperabilidad sem\u00e1ntica y es ahora una de las pymes de Europa que ha recibido la certificaci\u00f3n OMOP Common Data Model de la red EHDEN, tras semanas de amplia formaci\u00f3n. VeraTech for health SL, la spin-off de la UPV, cumple 10 a\u00f1os y se reconoce como una empresa experta en interoperabilidad sem\u00e1ntica de los datos cl\u00ednicos a [&hellip;]\" \/>\n<meta property=\"og:url\" content=\"http:\/\/veratech.es\/en\/2023\/03\/23\/veratech-for-health-cumple-10-anos-y-esta-acreditada-por-ehden\/\" \/>\n<meta property=\"og:site_name\" content=\"Veratech for Health\" \/>\n<meta property=\"article:published_time\" content=\"2023-03-23T08:56:46+00:00\" \/>\n<meta property=\"article:modified_time\" content=\"2024-01-02T14:10:29+00:00\" \/>\n<meta property=\"og:image\" content=\"https:\/\/veratech.es\/wp-content\/uploads\/2023\/03\/10aniversar.png\" \/>\n\t<meta property=\"og:image:width\" content=\"345\" \/>\n\t<meta property=\"og:image:height\" content=\"297\" \/>\n\t<meta property=\"og:image:type\" content=\"image\/png\" \/>\n<meta name=\"author\" content=\"veraweb23update\" \/>\n<meta name=\"twitter:card\" content=\"summary_large_image\" \/>\n<meta name=\"twitter:creator\" content=\"@veratech\" \/>\n<meta name=\"twitter:site\" content=\"@veratech\" \/>\n<meta name=\"twitter:label1\" content=\"Written by\" \/>\n\t<meta name=\"twitter:data1\" content=\"veraweb23update\" \/>\n\t<meta name=\"twitter:label2\" content=\"Estimated reading time\" \/>\n\t<meta name=\"twitter:data2\" content=\"2 minutes\" \/>\n<script type=\"application\/ld+json\" class=\"yoast-schema-graph\">{\"@context\":\"https:\\\/\\\/schema.org\",\"@graph\":[{\"@type\":\"Article\",\"@id\":\"http:\\\/\\\/veratech.es\\\/en\\\/2023\\\/03\\\/23\\\/veratech-for-health-cumple-10-anos-y-esta-acreditada-por-ehden\\\/#article\",\"isPartOf\":{\"@id\":\"http:\\\/\\\/veratech.es\\\/en\\\/2023\\\/03\\\/23\\\/veratech-for-health-cumple-10-anos-y-esta-acreditada-por-ehden\\\/\"},\"author\":{\"name\":\"veraweb23update\",\"@id\":\"https:\\\/\\\/veratech.es\\\/#\\\/schema\\\/person\\\/205ab530575337ab02ada32882b4087c\"},\"headline\":\"Veratech for Health cumple 10 a\u00f1os y est\u00e1 acreditada por EHDEN\",\"datePublished\":\"2023-03-23T08:56:46+00:00\",\"dateModified\":\"2024-01-02T14:10:29+00:00\",\"mainEntityOfPage\":{\"@id\":\"http:\\\/\\\/veratech.es\\\/en\\\/2023\\\/03\\\/23\\\/veratech-for-health-cumple-10-anos-y-esta-acreditada-por-ehden\\\/\"},\"wordCount\":332,\"publisher\":{\"@id\":\"https:\\\/\\\/veratech.es\\\/#organization\"},\"image\":{\"@id\":\"http:\\\/\\\/veratech.es\\\/en\\\/2023\\\/03\\\/23\\\/veratech-for-health-cumple-10-anos-y-esta-acreditada-por-ehden\\\/#primaryimage\"},\"thumbnailUrl\":\"https:\\\/\\\/veratech.es\\\/wp-content\\\/uploads\\\/2023\\\/03\\\/10aniversar.png\",\"keywords\":[\"Veratech\"],\"articleSection\":[\"Noticias\"],\"inLanguage\":\"en-GB\"},{\"@type\":\"WebPage\",\"@id\":\"http:\\\/\\\/veratech.es\\\/en\\\/2023\\\/03\\\/23\\\/veratech-for-health-cumple-10-anos-y-esta-acreditada-por-ehden\\\/\",\"url\":\"http:\\\/\\\/veratech.es\\\/en\\\/2023\\\/03\\\/23\\\/veratech-for-health-cumple-10-anos-y-esta-acreditada-por-ehden\\\/\",\"name\":\"Veratech for Health cumple 10 a\u00f1os y est\u00e1 acreditada por EHDEN - Veratech for Health\",\"isPartOf\":{\"@id\":\"https:\\\/\\\/veratech.es\\\/#website\"},\"primaryImageOfPage\":{\"@id\":\"http:\\\/\\\/veratech.es\\\/en\\\/2023\\\/03\\\/23\\\/veratech-for-health-cumple-10-anos-y-esta-acreditada-por-ehden\\\/#primaryimage\"},\"image\":{\"@id\":\"http:\\\/\\\/veratech.es\\\/en\\\/2023\\\/03\\\/23\\\/veratech-for-health-cumple-10-anos-y-esta-acreditada-por-ehden\\\/#primaryimage\"},\"thumbnailUrl\":\"https:\\\/\\\/veratech.es\\\/wp-content\\\/uploads\\\/2023\\\/03\\\/10aniversar.png\",\"datePublished\":\"2023-03-23T08:56:46+00:00\",\"dateModified\":\"2024-01-02T14:10:29+00:00\",\"breadcrumb\":{\"@id\":\"http:\\\/\\\/veratech.es\\\/en\\\/2023\\\/03\\\/23\\\/veratech-for-health-cumple-10-anos-y-esta-acreditada-por-ehden\\\/#breadcrumb\"},\"inLanguage\":\"en-GB\",\"potentialAction\":[{\"@type\":\"ReadAction\",\"target\":[\"http:\\\/\\\/veratech.es\\\/en\\\/2023\\\/03\\\/23\\\/veratech-for-health-cumple-10-anos-y-esta-acreditada-por-ehden\\\/\"]}]},{\"@type\":\"ImageObject\",\"inLanguage\":\"en-GB\",\"@id\":\"http:\\\/\\\/veratech.es\\\/en\\\/2023\\\/03\\\/23\\\/veratech-for-health-cumple-10-anos-y-esta-acreditada-por-ehden\\\/#primaryimage\",\"url\":\"https:\\\/\\\/veratech.es\\\/wp-content\\\/uploads\\\/2023\\\/03\\\/10aniversar.png\",\"contentUrl\":\"https:\\\/\\\/veratech.es\\\/wp-content\\\/uploads\\\/2023\\\/03\\\/10aniversar.png\",\"width\":345,\"height\":297},{\"@type\":\"BreadcrumbList\",\"@id\":\"http:\\\/\\\/veratech.es\\\/en\\\/2023\\\/03\\\/23\\\/veratech-for-health-cumple-10-anos-y-esta-acreditada-por-ehden\\\/#breadcrumb\",\"itemListElement\":[{\"@type\":\"ListItem\",\"position\":1,\"name\":\"Portada\",\"item\":\"https:\\\/\\\/veratech.es\\\/\"},{\"@type\":\"ListItem\",\"position\":2,\"name\":\"Veratech for Health cumple 10 a\u00f1os y est\u00e1 acreditada por EHDEN\"}]},{\"@type\":\"WebSite\",\"@id\":\"https:\\\/\\\/veratech.es\\\/#website\",\"url\":\"https:\\\/\\\/veratech.es\\\/\",\"name\":\"Veratech for Health\",\"description\":\"Somos una consultor\u00eda de interoperabilidad sem\u00e1ntica que te ayuda a gestionar tus datos\",\"publisher\":{\"@id\":\"https:\\\/\\\/veratech.es\\\/#organization\"},\"potentialAction\":[{\"@type\":\"SearchAction\",\"target\":{\"@type\":\"EntryPoint\",\"urlTemplate\":\"https:\\\/\\\/veratech.es\\\/?s={search_term_string}\"},\"query-input\":{\"@type\":\"PropertyValueSpecification\",\"valueRequired\":true,\"valueName\":\"search_term_string\"}}],\"inLanguage\":\"en-GB\"},{\"@type\":\"Organization\",\"@id\":\"https:\\\/\\\/veratech.es\\\/#organization\",\"name\":\"Veratech for Health\",\"url\":\"https:\\\/\\\/veratech.es\\\/\",\"logo\":{\"@type\":\"ImageObject\",\"inLanguage\":\"en-GB\",\"@id\":\"https:\\\/\\\/veratech.es\\\/#\\\/schema\\\/logo\\\/image\\\/\",\"url\":\"https:\\\/\\\/veratech.es\\\/wp-content\\\/uploads\\\/2025\\\/03\\\/VT_15Aniversario.png\",\"contentUrl\":\"https:\\\/\\\/veratech.es\\\/wp-content\\\/uploads\\\/2025\\\/03\\\/VT_15Aniversario.png\",\"width\":1920,\"height\":538,\"caption\":\"Veratech for Health\"},\"image\":{\"@id\":\"https:\\\/\\\/veratech.es\\\/#\\\/schema\\\/logo\\\/image\\\/\"},\"sameAs\":[\"https:\\\/\\\/x.com\\\/veratech\",\"https:\\\/\\\/www.linkedin.com\\\/company\\\/2261467\\\/admin\\\/dashboard\\\/\"]},{\"@type\":\"Person\",\"@id\":\"https:\\\/\\\/veratech.es\\\/#\\\/schema\\\/person\\\/205ab530575337ab02ada32882b4087c\",\"name\":\"veraweb23update\",\"image\":{\"@type\":\"ImageObject\",\"inLanguage\":\"en-GB\",\"@id\":\"https:\\\/\\\/secure.gravatar.com\\\/avatar\\\/68854fecc296ff46e6e2697dbc6f148ffba060959fd4c460dd6e5005601b2e09?s=96&d=mm&r=g\",\"url\":\"https:\\\/\\\/secure.gravatar.com\\\/avatar\\\/68854fecc296ff46e6e2697dbc6f148ffba060959fd4c460dd6e5005601b2e09?s=96&d=mm&r=g\",\"contentUrl\":\"https:\\\/\\\/secure.gravatar.com\\\/avatar\\\/68854fecc296ff46e6e2697dbc6f148ffba060959fd4c460dd6e5005601b2e09?s=96&d=mm&r=g\",\"caption\":\"veraweb23update\"},\"sameAs\":[\"http:\\\/\\\/localhost\\\/veratech-web\"],\"url\":\"http:\\\/\\\/veratech.es\\\/en\\\/author\\\/veraweb23update\\\/\"}]}<\/script>\n<!-- \/ Yoast SEO plugin. -->","yoast_head_json":{"title":"Veratech for Health cumple 10 a\u00f1os y est\u00e1 acreditada por EHDEN - Veratech for Health","robots":{"index":"index","follow":"follow","max-snippet":"max-snippet:-1","max-image-preview":"max-image-preview:large","max-video-preview":"max-video-preview:-1"},"canonical":"http:\/\/veratech.es\/en\/2023\/03\/23\/veratech-for-health-cumple-10-anos-y-esta-acreditada-por-ehden\/","og_locale":"en_GB","og_type":"article","og_title":"Veratech for Health cumple 10 a\u00f1os y est\u00e1 acreditada por EHDEN - Veratech for Health","og_description":"Veratech for Health cumple su d\u00e9cimo aniversario como consultora experta en interoperabilidad sem\u00e1ntica y es ahora una de las pymes de Europa que ha recibido la certificaci\u00f3n OMOP Common Data Model de la red EHDEN, tras semanas de amplia formaci\u00f3n. VeraTech for health SL, la spin-off de la UPV, cumple 10 a\u00f1os y se reconoce como una empresa experta en interoperabilidad sem\u00e1ntica de los datos cl\u00ednicos a [&hellip;]","og_url":"http:\/\/veratech.es\/en\/2023\/03\/23\/veratech-for-health-cumple-10-anos-y-esta-acreditada-por-ehden\/","og_site_name":"Veratech for Health","article_published_time":"2023-03-23T08:56:46+00:00","article_modified_time":"2024-01-02T14:10:29+00:00","og_image":[{"width":345,"height":297,"url":"https:\/\/veratech.es\/wp-content\/uploads\/2023\/03\/10aniversar.png","type":"image\/png"}],"author":"veraweb23update","twitter_card":"summary_large_image","twitter_creator":"@veratech","twitter_site":"@veratech","twitter_misc":{"Written by":"veraweb23update","Estimated reading time":"2 minutes"},"schema":{"@context":"https:\/\/schema.org","@graph":[{"@type":"Article","@id":"http:\/\/veratech.es\/en\/2023\/03\/23\/veratech-for-health-cumple-10-anos-y-esta-acreditada-por-ehden\/#article","isPartOf":{"@id":"http:\/\/veratech.es\/en\/2023\/03\/23\/veratech-for-health-cumple-10-anos-y-esta-acreditada-por-ehden\/"},"author":{"name":"veraweb23update","@id":"https:\/\/veratech.es\/#\/schema\/person\/205ab530575337ab02ada32882b4087c"},"headline":"Veratech for Health cumple 10 a\u00f1os y est\u00e1 acreditada por EHDEN","datePublished":"2023-03-23T08:56:46+00:00","dateModified":"2024-01-02T14:10:29+00:00","mainEntityOfPage":{"@id":"http:\/\/veratech.es\/en\/2023\/03\/23\/veratech-for-health-cumple-10-anos-y-esta-acreditada-por-ehden\/"},"wordCount":332,"publisher":{"@id":"https:\/\/veratech.es\/#organization"},"image":{"@id":"http:\/\/veratech.es\/en\/2023\/03\/23\/veratech-for-health-cumple-10-anos-y-esta-acreditada-por-ehden\/#primaryimage"},"thumbnailUrl":"https:\/\/veratech.es\/wp-content\/uploads\/2023\/03\/10aniversar.png","keywords":["Veratech"],"articleSection":["Noticias"],"inLanguage":"en-GB"},{"@type":"WebPage","@id":"http:\/\/veratech.es\/en\/2023\/03\/23\/veratech-for-health-cumple-10-anos-y-esta-acreditada-por-ehden\/","url":"http:\/\/veratech.es\/en\/2023\/03\/23\/veratech-for-health-cumple-10-anos-y-esta-acreditada-por-ehden\/","name":"Veratech for Health cumple 10 a\u00f1os y est\u00e1 acreditada por EHDEN - Veratech for Health","isPartOf":{"@id":"https:\/\/veratech.es\/#website"},"primaryImageOfPage":{"@id":"http:\/\/veratech.es\/en\/2023\/03\/23\/veratech-for-health-cumple-10-anos-y-esta-acreditada-por-ehden\/#primaryimage"},"image":{"@id":"http:\/\/veratech.es\/en\/2023\/03\/23\/veratech-for-health-cumple-10-anos-y-esta-acreditada-por-ehden\/#primaryimage"},"thumbnailUrl":"https:\/\/veratech.es\/wp-content\/uploads\/2023\/03\/10aniversar.png","datePublished":"2023-03-23T08:56:46+00:00","dateModified":"2024-01-02T14:10:29+00:00","breadcrumb":{"@id":"http:\/\/veratech.es\/en\/2023\/03\/23\/veratech-for-health-cumple-10-anos-y-esta-acreditada-por-ehden\/#breadcrumb"},"inLanguage":"en-GB","potentialAction":[{"@type":"ReadAction","target":["http:\/\/veratech.es\/en\/2023\/03\/23\/veratech-for-health-cumple-10-anos-y-esta-acreditada-por-ehden\/"]}]},{"@type":"ImageObject","inLanguage":"en-GB","@id":"http:\/\/veratech.es\/en\/2023\/03\/23\/veratech-for-health-cumple-10-anos-y-esta-acreditada-por-ehden\/#primaryimage","url":"https:\/\/veratech.es\/wp-content\/uploads\/2023\/03\/10aniversar.png","contentUrl":"https:\/\/veratech.es\/wp-content\/uploads\/2023\/03\/10aniversar.png","width":345,"height":297},{"@type":"BreadcrumbList","@id":"http:\/\/veratech.es\/en\/2023\/03\/23\/veratech-for-health-cumple-10-anos-y-esta-acreditada-por-ehden\/#breadcrumb","itemListElement":[{"@type":"ListItem","position":1,"name":"Portada","item":"https:\/\/veratech.es\/"},{"@type":"ListItem","position":2,"name":"Veratech for Health cumple 10 a\u00f1os y est\u00e1 acreditada por EHDEN"}]},{"@type":"WebSite","@id":"https:\/\/veratech.es\/#website","url":"https:\/\/veratech.es\/","name":"Veratech for Health","description":"Somos una consultor\u00eda de interoperabilidad sem\u00e1ntica que te ayuda a gestionar tus datos","publisher":{"@id":"https:\/\/veratech.es\/#organization"},"potentialAction":[{"@type":"SearchAction","target":{"@type":"EntryPoint","urlTemplate":"https:\/\/veratech.es\/?s={search_term_string}"},"query-input":{"@type":"PropertyValueSpecification","valueRequired":true,"valueName":"search_term_string"}}],"inLanguage":"en-GB"},{"@type":"Organization","@id":"https:\/\/veratech.es\/#organization","name":"Veratech for Health","url":"https:\/\/veratech.es\/","logo":{"@type":"ImageObject","inLanguage":"en-GB","@id":"https:\/\/veratech.es\/#\/schema\/logo\/image\/","url":"https:\/\/veratech.es\/wp-content\/uploads\/2025\/03\/VT_15Aniversario.png","contentUrl":"https:\/\/veratech.es\/wp-content\/uploads\/2025\/03\/VT_15Aniversario.png","width":1920,"height":538,"caption":"Veratech for Health"},"image":{"@id":"https:\/\/veratech.es\/#\/schema\/logo\/image\/"},"sameAs":["https:\/\/x.com\/veratech","https:\/\/www.linkedin.com\/company\/2261467\/admin\/dashboard\/"]},{"@type":"Person","@id":"https:\/\/veratech.es\/#\/schema\/person\/205ab530575337ab02ada32882b4087c","name":"veraweb23update","image":{"@type":"ImageObject","inLanguage":"en-GB","@id":"https:\/\/secure.gravatar.com\/avatar\/68854fecc296ff46e6e2697dbc6f148ffba060959fd4c460dd6e5005601b2e09?s=96&d=mm&r=g","url":"https:\/\/secure.gravatar.com\/avatar\/68854fecc296ff46e6e2697dbc6f148ffba060959fd4c460dd6e5005601b2e09?s=96&d=mm&r=g","contentUrl":"https:\/\/secure.gravatar.com\/avatar\/68854fecc296ff46e6e2697dbc6f148ffba060959fd4c460dd6e5005601b2e09?s=96&d=mm&r=g","caption":"veraweb23update"},"sameAs":["http:\/\/localhost\/veratech-web"],"url":"http:\/\/veratech.es\/en\/author\/veraweb23update\/"}]}},"_links":{"self":[{"href":"http:\/\/veratech.es\/en\/wp-json\/wp\/v2\/posts\/88","targetHints":{"allow":["GET"]}}],"collection":[{"href":"http:\/\/veratech.es\/en\/wp-json\/wp\/v2\/posts"}],"about":[{"href":"http:\/\/veratech.es\/en\/wp-json\/wp\/v2\/types\/post"}],"author":[{"embeddable":true,"href":"http:\/\/veratech.es\/en\/wp-json\/wp\/v2\/users\/1"}],"replies":[{"embeddable":true,"href":"http:\/\/veratech.es\/en\/wp-json\/wp\/v2\/comments?post=88"}],"version-history":[{"count":1,"href":"http:\/\/veratech.es\/en\/wp-json\/wp\/v2\/posts\/88\/revisions"}],"predecessor-version":[{"id":94,"href":"http:\/\/veratech.es\/en\/wp-json\/wp\/v2\/posts\/88\/revisions\/94"}],"wp:featuredmedia":[{"embeddable":true,"href":"http:\/\/veratech.es\/en\/wp-json\/wp\/v2\/media\/89"}],"wp:attachment":[{"href":"http:\/\/veratech.es\/en\/wp-json\/wp\/v2\/media?parent=88"}],"wp:term":[{"taxonomy":"category","embeddable":true,"href":"http:\/\/veratech.es\/en\/wp-json\/wp\/v2\/categories?post=88"},{"taxonomy":"post_tag","embeddable":true,"href":"http:\/\/veratech.es\/en\/wp-json\/wp\/v2\/tags?post=88"}],"curies":[{"name":"wp","href":"https:\/\/api.w.org\/{rel}","templated":true}]}}